{"id":2733,"date":"2021-07-13T19:40:03","date_gmt":"2021-07-13T19:40:03","guid":{"rendered":"https:\/\/www.avantlex.es\/?p=2733"},"modified":"2021-07-23T10:47:26","modified_gmt":"2021-07-23T10:47:26","slug":"avantlex-abogados-renueva-las-certificaciones-de-gestion-de-la-calidad-y-de-gestion-ambiental-de-aenor","status":"publish","type":"post","link":"https:\/\/www.avantlex.es\/index.php\/2021\/07\/13\/avantlex-abogados-renueva-las-certificaciones-de-gestion-de-la-calidad-y-de-gestion-ambiental-de-aenor\/","title":{"rendered":"AVANTLEX Abogados renueva las Certificaciones de Gesti\u00f3n de la Calidad y de Gesti\u00f3n Ambiental de AENOR"},"content":{"rendered":"\n<p>Garantizar la atenci\u00f3n al cliente y la responsabilidad con la sostenibilidad y el medio ambiente. Con este doble objetivo <strong>AVANTLEX Abogados<\/strong> implant\u00f3 en el a\u00f1o 2018 nada m\u00e1s iniciar su actividad profesional como Despacho las certificaciones de <strong>Gesti\u00f3n de la Calidad y de Gesti\u00f3n Ambiental de AENOR.<\/strong><\/p>\n\n\n\n<p>En este a\u00f1o 2021 estaba fijada la renovaci\u00f3n de ambas certificaciones, un procedimiento&nbsp;que ya se ha completado, dado el inter\u00e9s estrat\u00e9gico de <strong>AVANTLEX Abogados<\/strong> por seguir manteniendo ambas herramientas de especial importancia para un despachos de abogados.<\/p>\n\n\n\n<p>Hay que tener en cuenta que estar en posesi\u00f3n del certificado de un sistema de&nbsp;<strong>gesti\u00f3n de la calidad<\/strong> como es la norma ISO 9001 de AENOR tiene una especial importancia para una peque\u00f1a o mediana empresa, ya que garantiza a clientes y proveedores prestar sus servicios de forma eficiente, al igual que una empresa de m\u00e1s dimensi\u00f3n. Lo que empez\u00f3 siendo un sistema de gesti\u00f3n de calidad para productos, ha acabado siendo un sistema reconocido a nivel de servicios.<\/p>\n\n\n\n<p>Para un despacho de abogados como <strong>AVANTLEX Abogados<\/strong> la principal ventaja es que todos los servicios que prestamos a los clientes est\u00e1 reconocido por unas normas de calidad internacionales adaptadas a la actividad que desarrollamos. El enfoque de calidad en nuestro despacho est\u00e1 orientado hacia los procesos. Por ello este sistema de la gesti\u00f3n de la calidad conforme a la Norma ISO 9001:2015 est\u00e1 centrado en la prestaci\u00f3n de los servicios jur\u00eddicos en los \u00e1mbitos Laboral, Administrativo, Civil y Mercantil.<\/p>\n\n\n\n<p>Una de las ventajas de tener organizados y evaluado estos procesos en la atenci\u00f3n al cliente es que \u00e9stos se van a poder evaluar, y as\u00ed el despacho se puede fijar objetivos para cada renovaci\u00f3n, debido a que una vez que implantas un&nbsp;sistema de calidad, el objetivo final es la mejora continua.<\/p>\n\n\n\n<p>Aunque al principio pueda parecer que instegrar un sistema de&nbsp;gesti\u00f3n de la calidad&nbsp;es algo complejo, al final es una forma de agilizar el trabajo, donde todos los procedimientos quedan definidos, siendo los primeros beneficiados los clientes, pero tambi\u00e9n el equipo de trabajo del despacho de abogados<\/p>\n\n\n\n<p><strong>Certificado de Gesti\u00f3n Ambiental<\/strong><\/p>\n\n\n\n<p>En cuanto a la renovaci\u00f3n del <strong>certificado de Gesti\u00f3n Ambiental<\/strong> de AENOR, de acuerdo a la Norma ISO 14001:2015, \u00e9sta nos permite sistematizar, de forma sencilla, todos los aspectos de gesti\u00f3n ambiental que se generan en el d\u00eda a d\u00eda de la actividad que desarrollamos dentro de nuestras instalaciones. <\/p>\n\n\n\n<p>De esta forma <strong>AVANTLEX Abogados<\/strong> se posiciona como despacho socialmente responsable. Adem\u00e1s es un est\u00edmulo para la innovaci\u00f3n y la mejora de productivida, un compromiso con el medio ambiente y un refuerzo de los valores de nuestro despacho.<\/p>\n\n\n\n<figure class=\"wp-block-gallery columns-3 is-cropped\"><ul class=\"blocks-gallery-grid\"><li class=\"blocks-gallery-item\"><figure><img loading=\"lazy\" width=\"595\" height=\"841\" src=\"https:\/\/www.avantlex.es\/wp-content\/uploads\/2021\/07\/Calidad1.jpg\" alt=\"\" data-id=\"2751\" data-full-url=\"https:\/\/www.avantlex.es\/wp-content\/uploads\/2021\/07\/Calidad1.jpg\" data-link=\"https:\/\/www.avantlex.es\/index.php\/2021\/07\/13\/avantlex-abogados-renueva-las-certificaciones-de-gestion-de-la-calidad-y-de-gestion-ambiental-de-aenor\/calidad1-2\/\" class=\"wp-image-2751\" srcset=\"https:\/\/www.avantlex.es\/wp-content\/uploads\/2021\/07\/Calidad1.jpg 595w, https:\/\/www.avantlex.es\/wp-content\/uploads\/2021\/07\/Calidad1-212x300.jpg 212w\" sizes=\"(max-width: 595px) 100vw, 595px\" \/><\/figure><\/li><li class=\"blocks-gallery-item\"><figure><img loading=\"lazy\" width=\"595\" height=\"841\" src=\"https:\/\/www.avantlex.es\/wp-content\/uploads\/2021\/07\/Calidad2.jpg\" alt=\"\" data-id=\"2752\" data-full-url=\"https:\/\/www.avantlex.es\/wp-content\/uploads\/2021\/07\/Calidad2.jpg\" data-link=\"https:\/\/www.avantlex.es\/index.php\/2021\/07\/13\/avantlex-abogados-renueva-las-certificaciones-de-gestion-de-la-calidad-y-de-gestion-ambiental-de-aenor\/calidad2\/\" class=\"wp-image-2752\" srcset=\"https:\/\/www.avantlex.es\/wp-content\/uploads\/2021\/07\/Calidad2.jpg 595w, https:\/\/www.avantlex.es\/wp-content\/uploads\/2021\/07\/Calidad2-212x300.jpg 212w\" sizes=\"(max-width: 595px) 100vw, 595px\" \/><\/figure><\/li><li class=\"blocks-gallery-item\"><figure><img loading=\"lazy\" width=\"595\" height=\"841\" src=\"https:\/\/www.avantlex.es\/wp-content\/uploads\/2021\/07\/MA1.jpg\" alt=\"\" data-id=\"2753\" data-full-url=\"https:\/\/www.avantlex.es\/wp-content\/uploads\/2021\/07\/MA1.jpg\" data-link=\"https:\/\/www.avantlex.es\/index.php\/2021\/07\/13\/avantlex-abogados-renueva-las-certificaciones-de-gestion-de-la-calidad-y-de-gestion-ambiental-de-aenor\/ma1\/\" class=\"wp-image-2753\" srcset=\"https:\/\/www.avantlex.es\/wp-content\/uploads\/2021\/07\/MA1.jpg 595w, https:\/\/www.avantlex.es\/wp-content\/uploads\/2021\/07\/MA1-212x300.jpg 212w\" sizes=\"(max-width: 595px) 100vw, 595px\" \/><\/figure><\/li><li class=\"blocks-gallery-item\"><figure><img loading=\"lazy\" width=\"595\" height=\"841\" src=\"https:\/\/www.avantlex.es\/wp-content\/uploads\/2021\/07\/MA2.jpg\" alt=\"\" data-id=\"2754\" data-full-url=\"https:\/\/www.avantlex.es\/wp-content\/uploads\/2021\/07\/MA2.jpg\" data-link=\"https:\/\/www.avantlex.es\/index.php\/2021\/07\/13\/avantlex-abogados-renueva-las-certificaciones-de-gestion-de-la-calidad-y-de-gestion-ambiental-de-aenor\/ma2\/\" class=\"wp-image-2754\" srcset=\"https:\/\/www.avantlex.es\/wp-content\/uploads\/2021\/07\/MA2.jpg 595w, https:\/\/www.avantlex.es\/wp-content\/uploads\/2021\/07\/MA2-212x300.jpg 212w\" sizes=\"(max-width: 595px) 100vw, 595px\" \/><\/figure><\/li><\/ul><\/figure>\n","protected":false},"excerpt":{"rendered":"<p>Garantizar la atenci\u00f3n al cliente y la responsabilidad con la sostenibilidad y el medio ambiente. Con este doble objetivo AVANTLEX Abogados implant\u00f3 en el a\u00f1o 2018 nada m\u00e1s iniciar su actividad profesional como Despacho las&#8230;<\/p>\n","protected":false},"author":2,"featured_media":2734,"comment_status":"open","ping_status":"open","sticky":false,"template":"","format":"standard","meta":[],"categories":[47,49,46,48],"tags":[],"yoast_head":"<!-- This site is optimized with the Yoast SEO plugin v14.9 - https:\/\/yoast.com\/wordpress\/plugins\/seo\/ -->\n<title>AVANTLEX Abogados renueva las Certificaciones de Gesti\u00f3n de la Calidad y de Gesti\u00f3n Ambiental de AENOR - Avantlex Abogados | Abogado en Huelva<\/title>\n<meta name=\"description\" content=\"Garantizar la atenci\u00f3n al cliente y la responsabilidad con la sostenibilidad y el medio ambiente. Con este objetivo AVANTLEX Abogados ha renovado las certificaciones de Gesti\u00f3n de la Calidad y de Gesti\u00f3n Ambiental de AENOR.\" \/>\n<meta name=\"robots\" content=\"index, follow, max-snippet:-1, max-image-preview:large, max-video-preview:-1\" \/>\n<link rel=\"canonical\" href=\"https:\/\/www.avantlex.es\/index.php\/2021\/07\/13\/avantlex-abogados-renueva-las-certificaciones-de-gestion-de-la-calidad-y-de-gestion-ambiental-de-aenor\/\" \/>\n<meta property=\"og:locale\" content=\"es_ES\" \/>\n<meta property=\"og:type\" content=\"article\" \/>\n<meta property=\"og:title\" content=\"AVANTLEX Abogados renueva las Certificaciones de Gesti\u00f3n de la Calidad y de Gesti\u00f3n Ambiental de AENOR - Avantlex Abogados | Abogado en Huelva\" \/>\n<meta property=\"og:description\" content=\"Garantizar la atenci\u00f3n al cliente y la responsabilidad con la sostenibilidad y el medio ambiente. Con este objetivo AVANTLEX Abogados ha renovado las certificaciones de Gesti\u00f3n de la Calidad y de Gesti\u00f3n Ambiental de AENOR.\" \/>\n<meta property=\"og:url\" content=\"https:\/\/www.avantlex.es\/index.php\/2021\/07\/13\/avantlex-abogados-renueva-las-certificaciones-de-gestion-de-la-calidad-y-de-gestion-ambiental-de-aenor\/\" \/>\n<meta property=\"og:site_name\" content=\"Avantlex Abogados | Abogado en Huelva\" \/>\n<meta property=\"article:published_time\" content=\"2021-07-13T19:40:03+00:00\" \/>\n<meta property=\"article:modified_time\" content=\"2021-07-23T10:47:26+00:00\" \/>\n<meta property=\"og:image\" content=\"https:\/\/www.avantlex.es\/wp-content\/uploads\/2021\/07\/Diseno-sin-titulo-17.jpg\" \/>\n\t<meta property=\"og:image:width\" content=\"1920\" \/>\n\t<meta property=\"og:image:height\" content=\"1080\" \/>\n<meta name=\"twitter:card\" content=\"summary_large_image\" \/>\n<script type=\"application\/ld+json\" class=\"yoast-schema-graph\">{\"@context\":\"https:\/\/schema.org\",\"@graph\":[{\"@type\":\"WebSite\",\"@id\":\"https:\/\/www.avantlex.es\/#website\",\"url\":\"https:\/\/www.avantlex.es\/\",\"name\":\"Avantlex Abogados | Abogado en Huelva\",\"description\":\"Firma de abogados en Huelva que nace fruto de la fusi\\u00f3n de dos despachos con dilatada trayectoria profesional de m\\u00e1s de veinte a\\u00f1os: Luis Alberto Llerena Maestre y Oscar V\\u00e1zquez Asociados\",\"potentialAction\":[{\"@type\":\"SearchAction\",\"target\":\"https:\/\/www.avantlex.es\/?s={search_term_string}\",\"query-input\":\"required name=search_term_string\"}],\"inLanguage\":\"es\"},{\"@type\":\"ImageObject\",\"@id\":\"https:\/\/www.avantlex.es\/index.php\/2021\/07\/13\/avantlex-abogados-renueva-las-certificaciones-de-gestion-de-la-calidad-y-de-gestion-ambiental-de-aenor\/#primaryimage\",\"inLanguage\":\"es\",\"url\":\"https:\/\/www.avantlex.es\/wp-content\/uploads\/2021\/07\/Diseno-sin-titulo-17.jpg\",\"width\":1920,\"height\":1080},{\"@type\":\"WebPage\",\"@id\":\"https:\/\/www.avantlex.es\/index.php\/2021\/07\/13\/avantlex-abogados-renueva-las-certificaciones-de-gestion-de-la-calidad-y-de-gestion-ambiental-de-aenor\/#webpage\",\"url\":\"https:\/\/www.avantlex.es\/index.php\/2021\/07\/13\/avantlex-abogados-renueva-las-certificaciones-de-gestion-de-la-calidad-y-de-gestion-ambiental-de-aenor\/\",\"name\":\"AVANTLEX Abogados renueva las Certificaciones de Gesti\\u00f3n de la Calidad y de Gesti\\u00f3n Ambiental de AENOR - Avantlex Abogados | Abogado en Huelva\",\"isPartOf\":{\"@id\":\"https:\/\/www.avantlex.es\/#website\"},\"primaryImageOfPage\":{\"@id\":\"https:\/\/www.avantlex.es\/index.php\/2021\/07\/13\/avantlex-abogados-renueva-las-certificaciones-de-gestion-de-la-calidad-y-de-gestion-ambiental-de-aenor\/#primaryimage\"},\"datePublished\":\"2021-07-13T19:40:03+00:00\",\"dateModified\":\"2021-07-23T10:47:26+00:00\",\"author\":{\"@id\":\"https:\/\/www.avantlex.es\/#\/schema\/person\/a6c43d2a677d1a85843b1bf833c267a7\"},\"description\":\"Garantizar la atenci\\u00f3n al cliente y la responsabilidad con la sostenibilidad y el medio ambiente. Con este objetivo AVANTLEX Abogados ha renovado las certificaciones de Gesti\\u00f3n de la Calidad y de Gesti\\u00f3n Ambiental de AENOR.\",\"inLanguage\":\"es\",\"potentialAction\":[{\"@type\":\"ReadAction\",\"target\":[\"https:\/\/www.avantlex.es\/index.php\/2021\/07\/13\/avantlex-abogados-renueva-las-certificaciones-de-gestion-de-la-calidad-y-de-gestion-ambiental-de-aenor\/\"]}]},{\"@type\":\"Person\",\"@id\":\"https:\/\/www.avantlex.es\/#\/schema\/person\/a6c43d2a677d1a85843b1bf833c267a7\",\"name\":\"Agust\\u00edn Samaniego\",\"image\":{\"@type\":\"ImageObject\",\"@id\":\"https:\/\/www.avantlex.es\/#personlogo\",\"inLanguage\":\"es\",\"url\":\"https:\/\/secure.gravatar.com\/avatar\/78f8c7e2ad06d3fbe4c6768a9ddfed00?s=96&d=mm&r=g\",\"caption\":\"Agust\\u00edn Samaniego\"}}]}<\/script>\n<!-- \/ Yoast SEO plugin. -->","_links":{"self":[{"href":"https:\/\/www.avantlex.es\/index.php\/wp-json\/wp\/v2\/posts\/2733"}],"collection":[{"href":"https:\/\/www.avantlex.es\/index.php\/wp-json\/wp\/v2\/posts"}],"about":[{"href":"https:\/\/www.avantlex.es\/index.php\/wp-json\/wp\/v2\/types\/post"}],"author":[{"embeddable":true,"href":"https:\/\/www.avantlex.es\/index.php\/wp-json\/wp\/v2\/users\/2"}],"replies":[{"embeddable":true,"href":"https:\/\/www.avantlex.es\/index.php\/wp-json\/wp\/v2\/comments?post=2733"}],"version-history":[{"count":3,"href":"https:\/\/www.avantlex.es\/index.php\/wp-json\/wp\/v2\/posts\/2733\/revisions"}],"predecessor-version":[{"id":2755,"href":"https:\/\/www.avantlex.es\/index.php\/wp-json\/wp\/v2\/posts\/2733\/revisions\/2755"}],"wp:featuredmedia":[{"embeddable":true,"href":"https:\/\/www.avantlex.es\/index.php\/wp-json\/wp\/v2\/media\/2734"}],"wp:attachment":[{"href":"https:\/\/www.avantlex.es\/index.php\/wp-json\/wp\/v2\/media?parent=2733"}],"wp:term":[{"taxonomy":"category","embeddable":true,"href":"https:\/\/www.avantlex.es\/index.php\/wp-json\/wp\/v2\/categories?post=2733"},{"taxonomy":"post_tag","embeddable":true,"href":"https:\/\/www.avantlex.es\/index.php\/wp-json\/wp\/v2\/tags?post=2733"}],"curies":[{"name":"wp","href":"https:\/\/api.w.org\/{rel}","templated":true}]}}