{"id":2696,"date":"2020-12-29T13:36:49","date_gmt":"2020-12-29T13:36:49","guid":{"rendered":"https:\/\/www.avantlex.es\/?p=2696"},"modified":"2021-01-23T10:31:54","modified_gmt":"2021-01-23T10:31:54","slug":"maricruz-perez-de-avantlex-completa-la-formacion-sobre-el-apoyo-que-tendran-las-personas-con-discapacidad-en-la-reforma-del-codigo-civil","status":"publish","type":"post","link":"https:\/\/www.avantlex.es\/index.php\/2020\/12\/29\/maricruz-perez-de-avantlex-completa-la-formacion-sobre-el-apoyo-que-tendran-las-personas-con-discapacidad-en-la-reforma-del-codigo-civil\/","title":{"rendered":"Maricruz P\u00e9rez, de AVANTLEX, completa la formaci\u00f3n sobre el apoyo que tendr\u00e1n las personas con discapacidad en la reforma del C\u00f3digo Civil"},"content":{"rendered":"\n<p>El despacho <strong>AVANTLEX Abogados<\/strong> est\u00e1 pendiente de todos los cambios legales y jur\u00eddicos que afectan a temas de especial trascendencia social por las repercusiones que tendr\u00e1 en un futuro inmediato. Uno de estos temas es el apoyo que las personas con alg\u00fan tipo de discapacidad intelectual tendr\u00e1n en la reforma del C\u00f3digo Civil.&nbsp;Sobre este asunto la legislaci\u00f3n civil y procesal va a avanzar en los derechos de las personas con discapacidad para favorecer su inclusi\u00f3n y su capacidad de decisi\u00f3n. <\/p>\n\n\n\n<p>En este sentido, <strong>Maricruz P\u00e9rez, abogada y socia fundadora de AVANTLEX ABOGADOS<\/strong>, ha completado recientemente un curso de formaci\u00f3n espec\u00edfico sobre el <strong>Proyecto de Reforma de Legislaci\u00f3n Civil y Procesal para el apoyo a las personas con Discapacidad Intelectual en el ejercicio de su capacidad jur\u00eddica<\/strong>.<\/p>\n\n\n\n<p>El Curso ha permitido conocer de forma especializada toda la visi\u00f3n que el nuevo C\u00f3digo Civil prestar\u00e1 al tema de la discapacidad. En este sentido uno de los principales cambios es el reconocimiento de la capacidad jur\u00eddica de todas las personas con discapacidad, eliminando el concepto de incapacidad, modificando el de la capacidad a la necesidad de Apoyos.&nbsp;<\/p>\n\n\n\n<p>El nuevo texto tambi\u00e9n elimina la tutela y la patria potestad prorrogada sustituy\u00e9ndolas por \u201ccuratelas\u201d graduadas y una serie de figuras jur\u00eddicas en funci\u00f3n de la necesidades de esos apoyos que pueda necesitar cada persona con discapacidad.&nbsp;<\/p>\n\n\n\n<p>De esta forma tambi\u00e9n se facilita a estas personas el acceso a la Justicia en igualdad de condiciones, teniendo en cuenta su voluntad para establecer y determinar qui\u00e9nes ser\u00e1n las personas que le pueden prestar los apoyos que necesiten para la toma de sus propias decisiones.&nbsp;<\/p>\n\n\n\n<p>De esta forma pasaremos de la incapacidad a la prestaci\u00f3n de apoyos, para la toma de sus propias decisiones por parte de estas personas. Se trata de una reforma que cuando se apruebe permitir\u00e1 a Espa\u00f1a avanzar\u00e1 en la implementaci\u00f3n de la Convenci\u00f3n de la ONU sobre los Derechos de las Personas con Discapacidad, de obligado cumplimiento para el pa\u00eds y firmada en 2008, por lo que acumula un retraso (en algunas partes) de 12 a\u00f1os.&nbsp;<\/p>\n","protected":false},"excerpt":{"rendered":"<p>El despacho AVANTLEX Abogados est\u00e1 pendiente de todos los cambios legales y jur\u00eddicos que afectan a temas de especial trascendencia social por las repercusiones que tendr\u00e1 en un futuro inmediato. Uno de estos temas es&#8230;<\/p>\n","protected":false},"author":2,"featured_media":2697,"comment_status":"open","ping_status":"open","sticky":false,"template":"","format":"standard","meta":[],"categories":[28,34,35],"tags":[],"yoast_head":"<!-- This site is optimized with the Yoast SEO plugin v14.9 - https:\/\/yoast.com\/wordpress\/plugins\/seo\/ -->\n<title>Maricruz P\u00e9rez, de AVANTLEX, completa la formaci\u00f3n sobre el apoyo que tendr\u00e1n las personas con discapacidad en la reforma del C\u00f3digo Civil - Avantlex Abogados | Abogado en Huelva<\/title>\n<meta name=\"robots\" content=\"index, follow, max-snippet:-1, max-image-preview:large, max-video-preview:-1\" \/>\n<link rel=\"canonical\" href=\"https:\/\/www.avantlex.es\/index.php\/2020\/12\/29\/maricruz-perez-de-avantlex-completa-la-formacion-sobre-el-apoyo-que-tendran-las-personas-con-discapacidad-en-la-reforma-del-codigo-civil\/\" \/>\n<meta property=\"og:locale\" content=\"es_ES\" \/>\n<meta property=\"og:type\" content=\"article\" \/>\n<meta property=\"og:title\" content=\"Maricruz P\u00e9rez, de AVANTLEX, completa la formaci\u00f3n sobre el apoyo que tendr\u00e1n las personas con discapacidad en la reforma del C\u00f3digo Civil - Avantlex Abogados | Abogado en Huelva\" \/>\n<meta property=\"og:description\" content=\"El despacho AVANTLEX Abogados est\u00e1 pendiente de todos los cambios legales y jur\u00eddicos que afectan a temas de especial trascendencia social por las repercusiones que tendr\u00e1 en un futuro inmediato. Uno de estos temas es...\" \/>\n<meta property=\"og:url\" content=\"https:\/\/www.avantlex.es\/index.php\/2020\/12\/29\/maricruz-perez-de-avantlex-completa-la-formacion-sobre-el-apoyo-que-tendran-las-personas-con-discapacidad-en-la-reforma-del-codigo-civil\/\" \/>\n<meta property=\"og:site_name\" content=\"Avantlex Abogados | Abogado en Huelva\" \/>\n<meta property=\"article:published_time\" content=\"2020-12-29T13:36:49+00:00\" \/>\n<meta property=\"article:modified_time\" content=\"2021-01-23T10:31:54+00:00\" \/>\n<meta property=\"og:image\" content=\"https:\/\/www.avantlex.es\/wp-content\/uploads\/2020\/12\/f224f32f-02c2-4742-866e-bf6b21baa9b1.jpg\" \/>\n\t<meta property=\"og:image:width\" content=\"1600\" \/>\n\t<meta property=\"og:image:height\" content=\"1072\" \/>\n<meta name=\"twitter:card\" content=\"summary_large_image\" \/>\n<script type=\"application\/ld+json\" class=\"yoast-schema-graph\">{\"@context\":\"https:\/\/schema.org\",\"@graph\":[{\"@type\":\"WebSite\",\"@id\":\"https:\/\/www.avantlex.es\/#website\",\"url\":\"https:\/\/www.avantlex.es\/\",\"name\":\"Avantlex Abogados | Abogado en Huelva\",\"description\":\"Firma de abogados en Huelva que nace fruto de la fusi\\u00f3n de dos despachos con dilatada trayectoria profesional de m\\u00e1s de veinte a\\u00f1os: Luis Alberto Llerena Maestre y Oscar V\\u00e1zquez Asociados\",\"potentialAction\":[{\"@type\":\"SearchAction\",\"target\":\"https:\/\/www.avantlex.es\/?s={search_term_string}\",\"query-input\":\"required name=search_term_string\"}],\"inLanguage\":\"es\"},{\"@type\":\"ImageObject\",\"@id\":\"https:\/\/www.avantlex.es\/index.php\/2020\/12\/29\/maricruz-perez-de-avantlex-completa-la-formacion-sobre-el-apoyo-que-tendran-las-personas-con-discapacidad-en-la-reforma-del-codigo-civil\/#primaryimage\",\"inLanguage\":\"es\",\"url\":\"https:\/\/www.avantlex.es\/wp-content\/uploads\/2020\/12\/f224f32f-02c2-4742-866e-bf6b21baa9b1.jpg\",\"width\":1600,\"height\":1072},{\"@type\":\"WebPage\",\"@id\":\"https:\/\/www.avantlex.es\/index.php\/2020\/12\/29\/maricruz-perez-de-avantlex-completa-la-formacion-sobre-el-apoyo-que-tendran-las-personas-con-discapacidad-en-la-reforma-del-codigo-civil\/#webpage\",\"url\":\"https:\/\/www.avantlex.es\/index.php\/2020\/12\/29\/maricruz-perez-de-avantlex-completa-la-formacion-sobre-el-apoyo-que-tendran-las-personas-con-discapacidad-en-la-reforma-del-codigo-civil\/\",\"name\":\"Maricruz P\\u00e9rez, de AVANTLEX, completa la formaci\\u00f3n sobre el apoyo que tendr\\u00e1n las personas con discapacidad en la reforma del C\\u00f3digo Civil - Avantlex Abogados | Abogado en Huelva\",\"isPartOf\":{\"@id\":\"https:\/\/www.avantlex.es\/#website\"},\"primaryImageOfPage\":{\"@id\":\"https:\/\/www.avantlex.es\/index.php\/2020\/12\/29\/maricruz-perez-de-avantlex-completa-la-formacion-sobre-el-apoyo-que-tendran-las-personas-con-discapacidad-en-la-reforma-del-codigo-civil\/#primaryimage\"},\"datePublished\":\"2020-12-29T13:36:49+00:00\",\"dateModified\":\"2021-01-23T10:31:54+00:00\",\"author\":{\"@id\":\"https:\/\/www.avantlex.es\/#\/schema\/person\/a6c43d2a677d1a85843b1bf833c267a7\"},\"inLanguage\":\"es\",\"potentialAction\":[{\"@type\":\"ReadAction\",\"target\":[\"https:\/\/www.avantlex.es\/index.php\/2020\/12\/29\/maricruz-perez-de-avantlex-completa-la-formacion-sobre-el-apoyo-que-tendran-las-personas-con-discapacidad-en-la-reforma-del-codigo-civil\/\"]}]},{\"@type\":\"Person\",\"@id\":\"https:\/\/www.avantlex.es\/#\/schema\/person\/a6c43d2a677d1a85843b1bf833c267a7\",\"name\":\"Agust\\u00edn Samaniego\",\"image\":{\"@type\":\"ImageObject\",\"@id\":\"https:\/\/www.avantlex.es\/#personlogo\",\"inLanguage\":\"es\",\"url\":\"https:\/\/secure.gravatar.com\/avatar\/78f8c7e2ad06d3fbe4c6768a9ddfed00?s=96&d=mm&r=g\",\"caption\":\"Agust\\u00edn Samaniego\"}}]}<\/script>\n<!-- \/ Yoast SEO plugin. -->","_links":{"self":[{"href":"https:\/\/www.avantlex.es\/index.php\/wp-json\/wp\/v2\/posts\/2696"}],"collection":[{"href":"https:\/\/www.avantlex.es\/index.php\/wp-json\/wp\/v2\/posts"}],"about":[{"href":"https:\/\/www.avantlex.es\/index.php\/wp-json\/wp\/v2\/types\/post"}],"author":[{"embeddable":true,"href":"https:\/\/www.avantlex.es\/index.php\/wp-json\/wp\/v2\/users\/2"}],"replies":[{"embeddable":true,"href":"https:\/\/www.avantlex.es\/index.php\/wp-json\/wp\/v2\/comments?post=2696"}],"version-history":[{"count":4,"href":"https:\/\/www.avantlex.es\/index.php\/wp-json\/wp\/v2\/posts\/2696\/revisions"}],"predecessor-version":[{"id":2705,"href":"https:\/\/www.avantlex.es\/index.php\/wp-json\/wp\/v2\/posts\/2696\/revisions\/2705"}],"wp:featuredmedia":[{"embeddable":true,"href":"https:\/\/www.avantlex.es\/index.php\/wp-json\/wp\/v2\/media\/2697"}],"wp:attachment":[{"href":"https:\/\/www.avantlex.es\/index.php\/wp-json\/wp\/v2\/media?parent=2696"}],"wp:term":[{"taxonomy":"category","embeddable":true,"href":"https:\/\/www.avantlex.es\/index.php\/wp-json\/wp\/v2\/categories?post=2696"},{"taxonomy":"post_tag","embeddable":true,"href":"https:\/\/www.avantlex.es\/index.php\/wp-json\/wp\/v2\/tags?post=2696"}],"curies":[{"name":"wp","href":"https:\/\/api.w.org\/{rel}","templated":true}]}}