{"id":2689,"date":"2020-12-04T11:42:24","date_gmt":"2020-12-04T11:42:24","guid":{"rendered":"https:\/\/www.avantlex.es\/?p=2689"},"modified":"2020-12-04T11:51:18","modified_gmt":"2020-12-04T11:51:18","slug":"avantlex-felicita-al-piloto-onubense-de-karting-pablo-morgado-subcampeon-junior-de-andalucia","status":"publish","type":"post","link":"https:\/\/www.avantlex.es\/index.php\/2020\/12\/04\/avantlex-felicita-al-piloto-onubense-de-karting-pablo-morgado-subcampeon-junior-de-andalucia\/","title":{"rendered":"AVANTLEX felicita al piloto onubense de karting Pablo Morgado, subcampe\u00f3n j\u00fanior de Andaluc\u00eda"},"content":{"rendered":"\n<p>Nuestro despacho <strong>AVANTLEX Abogados<\/strong> se ha sumado a las muchas felicitaciones que est\u00e1 recibiendo el joven piloto de karting, Pablo Morgado, tras haber obtenido el subcampeonato de Andaluc\u00eda de Karting 2020 en la categor\u00eda junior. <\/p>\n\n\n\n<p>En <strong>AVANTLEX Abogados<\/strong> hemos sentido este \u00e9xito deportivo muy de cerca, ya que nuestro despacho es <strong>Patrocinador<\/strong> del Club Karting Huelva y del propio Pablo Morgado, uno de los j\u00f3venes valores de este deporte de motor en Espa\u00f1a y con un gran futuro por delante.<\/p>\n\n\n\n<p>Pablo Morgado se alz\u00f3 con este segundo puesto en el Campeonato de Andaluc\u00eda celebrado el \u00faltimo fin de semana en el Kart\u00f3dromo de Cartaya (Huelva). Durante la competici\u00f3n y las tres carreras disputadas dentro de las categor\u00eda J\u00fanior X30 el joven piloto onubense se anot\u00f3 una vuelta r\u00e1pida, un primer puesto y dos segundos, lo que le vali\u00f3 este Subcampeonato.<\/p>\n\n\n\n<p>Desde<strong> AVANTLEX Abogados<\/strong> le deseamos a Pablo Morgado y al propio Club Karting Huelva todos los \u00e9xitos posibles en la nueva temporada 2021<\/p>\n","protected":false},"excerpt":{"rendered":"<p>Nuestro despacho AVANTLEX Abogados se ha sumado a las muchas felicitaciones que est\u00e1 recibiendo el joven piloto de karting, Pablo Morgado, tras haber obtenido el subcampeonato de Andaluc\u00eda de Karting 2020 en la categor\u00eda junior&#8230;.<\/p>\n","protected":false},"author":2,"featured_media":2692,"comment_status":"open","ping_status":"open","sticky":false,"template":"","format":"standard","meta":[],"categories":[1],"tags":[],"yoast_head":"<!-- This site is optimized with the Yoast SEO plugin v14.9 - https:\/\/yoast.com\/wordpress\/plugins\/seo\/ -->\n<title>AVANTLEX felicita al piloto onubense de karting Pablo Morgado, subcampe\u00f3n j\u00fanior de Andaluc\u00eda - Avantlex Abogados | Abogado en Huelva<\/title>\n<meta name=\"robots\" content=\"index, follow, max-snippet:-1, max-image-preview:large, max-video-preview:-1\" \/>\n<link rel=\"canonical\" href=\"https:\/\/www.avantlex.es\/index.php\/2020\/12\/04\/avantlex-felicita-al-piloto-onubense-de-karting-pablo-morgado-subcampeon-junior-de-andalucia\/\" \/>\n<meta property=\"og:locale\" content=\"es_ES\" \/>\n<meta property=\"og:type\" content=\"article\" \/>\n<meta property=\"og:title\" content=\"AVANTLEX felicita al piloto onubense de karting Pablo Morgado, subcampe\u00f3n j\u00fanior de Andaluc\u00eda - Avantlex Abogados | Abogado en Huelva\" \/>\n<meta property=\"og:description\" content=\"Nuestro despacho AVANTLEX Abogados se ha sumado a las muchas felicitaciones que est\u00e1 recibiendo el joven piloto de karting, Pablo Morgado, tras haber obtenido el subcampeonato de Andaluc\u00eda de Karting 2020 en la categor\u00eda junior....\" \/>\n<meta property=\"og:url\" content=\"https:\/\/www.avantlex.es\/index.php\/2020\/12\/04\/avantlex-felicita-al-piloto-onubense-de-karting-pablo-morgado-subcampeon-junior-de-andalucia\/\" \/>\n<meta property=\"og:site_name\" content=\"Avantlex Abogados | Abogado en Huelva\" \/>\n<meta property=\"article:published_time\" content=\"2020-12-04T11:42:24+00:00\" \/>\n<meta property=\"article:modified_time\" content=\"2020-12-04T11:51:18+00:00\" \/>\n<meta property=\"og:image\" content=\"https:\/\/www.avantlex.es\/wp-content\/uploads\/2020\/12\/\u00a1Enhorabuena\u00a1-3.png\" \/>\n\t<meta property=\"og:image:width\" content=\"1747\" \/>\n\t<meta property=\"og:image:height\" content=\"1240\" \/>\n<meta name=\"twitter:card\" content=\"summary_large_image\" \/>\n<script type=\"application\/ld+json\" class=\"yoast-schema-graph\">{\"@context\":\"https:\/\/schema.org\",\"@graph\":[{\"@type\":\"WebSite\",\"@id\":\"https:\/\/www.avantlex.es\/#website\",\"url\":\"https:\/\/www.avantlex.es\/\",\"name\":\"Avantlex Abogados | Abogado en Huelva\",\"description\":\"Firma de abogados en Huelva que nace fruto de la fusi\\u00f3n de dos despachos con dilatada trayectoria profesional de m\\u00e1s de veinte a\\u00f1os: Luis Alberto Llerena Maestre y Oscar V\\u00e1zquez Asociados\",\"potentialAction\":[{\"@type\":\"SearchAction\",\"target\":\"https:\/\/www.avantlex.es\/?s={search_term_string}\",\"query-input\":\"required name=search_term_string\"}],\"inLanguage\":\"es\"},{\"@type\":\"ImageObject\",\"@id\":\"https:\/\/www.avantlex.es\/index.php\/2020\/12\/04\/avantlex-felicita-al-piloto-onubense-de-karting-pablo-morgado-subcampeon-junior-de-andalucia\/#primaryimage\",\"inLanguage\":\"es\",\"url\":\"https:\/\/www.avantlex.es\/wp-content\/uploads\/2020\/12\/\\u00a1Enhorabuena\\u00a1-3.png\",\"width\":1747,\"height\":1240},{\"@type\":\"WebPage\",\"@id\":\"https:\/\/www.avantlex.es\/index.php\/2020\/12\/04\/avantlex-felicita-al-piloto-onubense-de-karting-pablo-morgado-subcampeon-junior-de-andalucia\/#webpage\",\"url\":\"https:\/\/www.avantlex.es\/index.php\/2020\/12\/04\/avantlex-felicita-al-piloto-onubense-de-karting-pablo-morgado-subcampeon-junior-de-andalucia\/\",\"name\":\"AVANTLEX felicita al piloto onubense de karting Pablo Morgado, subcampe\\u00f3n j\\u00fanior de Andaluc\\u00eda - Avantlex Abogados | Abogado en Huelva\",\"isPartOf\":{\"@id\":\"https:\/\/www.avantlex.es\/#website\"},\"primaryImageOfPage\":{\"@id\":\"https:\/\/www.avantlex.es\/index.php\/2020\/12\/04\/avantlex-felicita-al-piloto-onubense-de-karting-pablo-morgado-subcampeon-junior-de-andalucia\/#primaryimage\"},\"datePublished\":\"2020-12-04T11:42:24+00:00\",\"dateModified\":\"2020-12-04T11:51:18+00:00\",\"author\":{\"@id\":\"https:\/\/www.avantlex.es\/#\/schema\/person\/a6c43d2a677d1a85843b1bf833c267a7\"},\"inLanguage\":\"es\",\"potentialAction\":[{\"@type\":\"ReadAction\",\"target\":[\"https:\/\/www.avantlex.es\/index.php\/2020\/12\/04\/avantlex-felicita-al-piloto-onubense-de-karting-pablo-morgado-subcampeon-junior-de-andalucia\/\"]}]},{\"@type\":\"Person\",\"@id\":\"https:\/\/www.avantlex.es\/#\/schema\/person\/a6c43d2a677d1a85843b1bf833c267a7\",\"name\":\"Agust\\u00edn Samaniego\",\"image\":{\"@type\":\"ImageObject\",\"@id\":\"https:\/\/www.avantlex.es\/#personlogo\",\"inLanguage\":\"es\",\"url\":\"https:\/\/secure.gravatar.com\/avatar\/78f8c7e2ad06d3fbe4c6768a9ddfed00?s=96&d=mm&r=g\",\"caption\":\"Agust\\u00edn Samaniego\"}}]}<\/script>\n<!-- \/ Yoast SEO plugin. -->","_links":{"self":[{"href":"https:\/\/www.avantlex.es\/index.php\/wp-json\/wp\/v2\/posts\/2689"}],"collection":[{"href":"https:\/\/www.avantlex.es\/index.php\/wp-json\/wp\/v2\/posts"}],"about":[{"href":"https:\/\/www.avantlex.es\/index.php\/wp-json\/wp\/v2\/types\/post"}],"author":[{"embeddable":true,"href":"https:\/\/www.avantlex.es\/index.php\/wp-json\/wp\/v2\/users\/2"}],"replies":[{"embeddable":true,"href":"https:\/\/www.avantlex.es\/index.php\/wp-json\/wp\/v2\/comments?post=2689"}],"version-history":[{"count":1,"href":"https:\/\/www.avantlex.es\/index.php\/wp-json\/wp\/v2\/posts\/2689\/revisions"}],"predecessor-version":[{"id":2691,"href":"https:\/\/www.avantlex.es\/index.php\/wp-json\/wp\/v2\/posts\/2689\/revisions\/2691"}],"wp:featuredmedia":[{"embeddable":true,"href":"https:\/\/www.avantlex.es\/index.php\/wp-json\/wp\/v2\/media\/2692"}],"wp:attachment":[{"href":"https:\/\/www.avantlex.es\/index.php\/wp-json\/wp\/v2\/media?parent=2689"}],"wp:term":[{"taxonomy":"category","embeddable":true,"href":"https:\/\/www.avantlex.es\/index.php\/wp-json\/wp\/v2\/categories?post=2689"},{"taxonomy":"post_tag","embeddable":true,"href":"https:\/\/www.avantlex.es\/index.php\/wp-json\/wp\/v2\/tags?post=2689"}],"curies":[{"name":"wp","href":"https:\/\/api.w.org\/{rel}","templated":true}]}}