{"id":2683,"date":"2020-12-01T17:16:50","date_gmt":"2020-12-01T17:16:50","guid":{"rendered":"https:\/\/www.avantlex.es\/?p=2683"},"modified":"2020-12-01T17:17:32","modified_gmt":"2020-12-01T17:17:32","slug":"avantlex-y-santiago-llamas-crean-un-grupo-de-trabajo-para-la-tramitacion-de-incapacidades-laborales-ante-la-seguridad-social","status":"publish","type":"post","link":"https:\/\/www.avantlex.es\/index.php\/2020\/12\/01\/avantlex-y-santiago-llamas-crean-un-grupo-de-trabajo-para-la-tramitacion-de-incapacidades-laborales-ante-la-seguridad-social\/","title":{"rendered":"AVANTLEX y Santiago Llamas crean un grupo de trabajo para la Tramitaci\u00f3n de Incapacidades Laborales ante la Seguridad Social"},"content":{"rendered":"\n<p>El <strong>despacho<\/strong> <strong>AVANTLEX<\/strong> y el abogado <strong>Santiago Llamas<\/strong> han creado un equipo de trabajo para asesorar y coordinar todos los tr\u00e1mites y procedimientos que debe seguir una persona trabajadora para solicitar una <strong>prestaci\u00f3n por Incapacidad Permanente<\/strong>&nbsp;con la que poder afrontar la p\u00e9rdida de ingresos cuando por enfermedad o accidente ve reducida o anulada su capacidad laboral.<\/p>\n\n\n\n<p>Esta uni\u00f3n tiene como objetivo ofrecer un servicio de asesoramiento profesional y de acompa\u00f1amiento durante todo el proceso que debe seguirse para tramitar ante la Seguridad Social esta prestaci\u00f3n en aquellos casos en los que una persona trabajadora recibe el alta m\u00e9dica, pero continua sin poder trabajar con normalidad.&nbsp;<\/p>\n\n\n\n<p><strong>Santiago Llamas<\/strong> es un profesional del Derecho con una amplia experiencia en la tramitaci\u00f3n de prestaciones de Incapacidad ante la Seguridad Social. En virtud de este acuerdo contar\u00e1 con la&nbsp;colaboraci\u00f3n del equipo de <strong>AVANTLEX Abogados<\/strong> que dar\u00e1 soporte ante los juzgados de lo Social a sus clientes con el objetivo de conseguir una pensi\u00f3n del Instituto Nacional de la Seguridad Social, en funci\u00f3n de las secuelas definitivas que cada trabajador padece.<\/p>\n\n\n\n<p>Hay que tener en cuenta que para dar una adecuada respuesta a las personas que pretenden solicitar una prestaci\u00f3n de incapacidad permanente es importante reforzar el nivel de conocimiento de este mecanismo entre los trabajadores por cuenta ajena y aut\u00f3nomos. La existencia de grupos de trabajo especializados como el que han creado los despachos de&nbsp;<strong>Santiago Llamas&nbsp;y&nbsp;AVANTLEX<\/strong> <strong>Abogados<\/strong> permitir\u00e1 asesorar y dirigir todos los tr\u00e1mites y procedimientos, as\u00ed como atender de forma especializada las necesidades concretas de cada persona.<\/p>\n","protected":false},"excerpt":{"rendered":"<p>El despacho AVANTLEX y el abogado Santiago Llamas han creado un equipo de trabajo para asesorar y coordinar todos los tr\u00e1mites y procedimientos que debe seguir una persona trabajadora para solicitar una prestaci\u00f3n por Incapacidad&#8230;<\/p>\n","protected":false},"author":2,"featured_media":2684,"comment_status":"open","ping_status":"open","sticky":false,"template":"","format":"standard","meta":[],"categories":[1],"tags":[30,32],"yoast_head":"<!-- This site is optimized with the Yoast SEO plugin v14.9 - https:\/\/yoast.com\/wordpress\/plugins\/seo\/ -->\n<title>AVANTLEX y Santiago Llamas crean un grupo de trabajo para la Tramitaci\u00f3n de Incapacidades Laborales ante la Seguridad Social - Avantlex Abogados | Abogado en Huelva<\/title>\n<meta name=\"robots\" content=\"index, follow, max-snippet:-1, max-image-preview:large, max-video-preview:-1\" \/>\n<link rel=\"canonical\" href=\"https:\/\/www.avantlex.es\/index.php\/2020\/12\/01\/avantlex-y-santiago-llamas-crean-un-grupo-de-trabajo-para-la-tramitacion-de-incapacidades-laborales-ante-la-seguridad-social\/\" \/>\n<meta property=\"og:locale\" content=\"es_ES\" \/>\n<meta property=\"og:type\" content=\"article\" \/>\n<meta property=\"og:title\" content=\"AVANTLEX y Santiago Llamas crean un grupo de trabajo para la Tramitaci\u00f3n de Incapacidades Laborales ante la Seguridad Social - Avantlex Abogados | Abogado en Huelva\" \/>\n<meta property=\"og:description\" content=\"El despacho AVANTLEX y el abogado Santiago Llamas han creado un equipo de trabajo para asesorar y coordinar todos los tr\u00e1mites y procedimientos que debe seguir una persona trabajadora para solicitar una prestaci\u00f3n por Incapacidad...\" \/>\n<meta property=\"og:url\" content=\"https:\/\/www.avantlex.es\/index.php\/2020\/12\/01\/avantlex-y-santiago-llamas-crean-un-grupo-de-trabajo-para-la-tramitacion-de-incapacidades-laborales-ante-la-seguridad-social\/\" \/>\n<meta property=\"og:site_name\" content=\"Avantlex Abogados | Abogado en Huelva\" \/>\n<meta property=\"article:published_time\" content=\"2020-12-01T17:16:50+00:00\" \/>\n<meta property=\"article:modified_time\" content=\"2020-12-01T17:17:32+00:00\" \/>\n<meta property=\"og:image\" content=\"https:\/\/www.avantlex.es\/wp-content\/uploads\/2020\/12\/pexels-karolina-grabowska-4506106-scaled.jpg\" \/>\n\t<meta property=\"og:image:width\" content=\"2560\" \/>\n\t<meta property=\"og:image:height\" content=\"1707\" \/>\n<meta name=\"twitter:card\" content=\"summary_large_image\" \/>\n<script type=\"application\/ld+json\" class=\"yoast-schema-graph\">{\"@context\":\"https:\/\/schema.org\",\"@graph\":[{\"@type\":\"WebSite\",\"@id\":\"https:\/\/www.avantlex.es\/#website\",\"url\":\"https:\/\/www.avantlex.es\/\",\"name\":\"Avantlex Abogados | Abogado en Huelva\",\"description\":\"Firma de abogados en Huelva que nace fruto de la fusi\\u00f3n de dos despachos con dilatada trayectoria profesional de m\\u00e1s de veinte a\\u00f1os: Luis Alberto Llerena Maestre y Oscar V\\u00e1zquez Asociados\",\"potentialAction\":[{\"@type\":\"SearchAction\",\"target\":\"https:\/\/www.avantlex.es\/?s={search_term_string}\",\"query-input\":\"required name=search_term_string\"}],\"inLanguage\":\"es\"},{\"@type\":\"ImageObject\",\"@id\":\"https:\/\/www.avantlex.es\/index.php\/2020\/12\/01\/avantlex-y-santiago-llamas-crean-un-grupo-de-trabajo-para-la-tramitacion-de-incapacidades-laborales-ante-la-seguridad-social\/#primaryimage\",\"inLanguage\":\"es\",\"url\":\"https:\/\/www.avantlex.es\/wp-content\/uploads\/2020\/12\/pexels-karolina-grabowska-4506106-scaled.jpg\",\"width\":2560,\"height\":1707,\"caption\":\"Acuerdo Tramitaci\\u00f3n Prestaci\\u00f3n Incapacidad\"},{\"@type\":\"WebPage\",\"@id\":\"https:\/\/www.avantlex.es\/index.php\/2020\/12\/01\/avantlex-y-santiago-llamas-crean-un-grupo-de-trabajo-para-la-tramitacion-de-incapacidades-laborales-ante-la-seguridad-social\/#webpage\",\"url\":\"https:\/\/www.avantlex.es\/index.php\/2020\/12\/01\/avantlex-y-santiago-llamas-crean-un-grupo-de-trabajo-para-la-tramitacion-de-incapacidades-laborales-ante-la-seguridad-social\/\",\"name\":\"AVANTLEX y Santiago Llamas crean un grupo de trabajo para la Tramitaci\\u00f3n de Incapacidades Laborales ante la Seguridad Social - Avantlex Abogados | Abogado en Huelva\",\"isPartOf\":{\"@id\":\"https:\/\/www.avantlex.es\/#website\"},\"primaryImageOfPage\":{\"@id\":\"https:\/\/www.avantlex.es\/index.php\/2020\/12\/01\/avantlex-y-santiago-llamas-crean-un-grupo-de-trabajo-para-la-tramitacion-de-incapacidades-laborales-ante-la-seguridad-social\/#primaryimage\"},\"datePublished\":\"2020-12-01T17:16:50+00:00\",\"dateModified\":\"2020-12-01T17:17:32+00:00\",\"author\":{\"@id\":\"https:\/\/www.avantlex.es\/#\/schema\/person\/a6c43d2a677d1a85843b1bf833c267a7\"},\"inLanguage\":\"es\",\"potentialAction\":[{\"@type\":\"ReadAction\",\"target\":[\"https:\/\/www.avantlex.es\/index.php\/2020\/12\/01\/avantlex-y-santiago-llamas-crean-un-grupo-de-trabajo-para-la-tramitacion-de-incapacidades-laborales-ante-la-seguridad-social\/\"]}]},{\"@type\":\"Person\",\"@id\":\"https:\/\/www.avantlex.es\/#\/schema\/person\/a6c43d2a677d1a85843b1bf833c267a7\",\"name\":\"Agust\\u00edn Samaniego\",\"image\":{\"@type\":\"ImageObject\",\"@id\":\"https:\/\/www.avantlex.es\/#personlogo\",\"inLanguage\":\"es\",\"url\":\"https:\/\/secure.gravatar.com\/avatar\/78f8c7e2ad06d3fbe4c6768a9ddfed00?s=96&d=mm&r=g\",\"caption\":\"Agust\\u00edn Samaniego\"}}]}<\/script>\n<!-- \/ Yoast SEO plugin. -->","_links":{"self":[{"href":"https:\/\/www.avantlex.es\/index.php\/wp-json\/wp\/v2\/posts\/2683"}],"collection":[{"href":"https:\/\/www.avantlex.es\/index.php\/wp-json\/wp\/v2\/posts"}],"about":[{"href":"https:\/\/www.avantlex.es\/index.php\/wp-json\/wp\/v2\/types\/post"}],"author":[{"embeddable":true,"href":"https:\/\/www.avantlex.es\/index.php\/wp-json\/wp\/v2\/users\/2"}],"replies":[{"embeddable":true,"href":"https:\/\/www.avantlex.es\/index.php\/wp-json\/wp\/v2\/comments?post=2683"}],"version-history":[{"count":2,"href":"https:\/\/www.avantlex.es\/index.php\/wp-json\/wp\/v2\/posts\/2683\/revisions"}],"predecessor-version":[{"id":2686,"href":"https:\/\/www.avantlex.es\/index.php\/wp-json\/wp\/v2\/posts\/2683\/revisions\/2686"}],"wp:featuredmedia":[{"embeddable":true,"href":"https:\/\/www.avantlex.es\/index.php\/wp-json\/wp\/v2\/media\/2684"}],"wp:attachment":[{"href":"https:\/\/www.avantlex.es\/index.php\/wp-json\/wp\/v2\/media?parent=2683"}],"wp:term":[{"taxonomy":"category","embeddable":true,"href":"https:\/\/www.avantlex.es\/index.php\/wp-json\/wp\/v2\/categories?post=2683"},{"taxonomy":"post_tag","embeddable":true,"href":"https:\/\/www.avantlex.es\/index.php\/wp-json\/wp\/v2\/tags?post=2683"}],"curies":[{"name":"wp","href":"https:\/\/api.w.org\/{rel}","templated":true}]}}